{"id":857,"date":"2021-05-10T09:12:43","date_gmt":"2021-05-10T07:12:43","guid":{"rendered":"https:\/\/lysur.es\/nueva-linea-de-sellado-y-paletizado-para-envases-precortados\/"},"modified":"2021-05-10T09:12:43","modified_gmt":"2021-05-10T07:12:43","slug":"nueva-linea-de-sellado-y-paletizado-para-envases-precortados","status":"publish","type":"post","link":"https:\/\/lysur.es\/en\/nueva-linea-de-sellado-y-paletizado-para-envases-precortados\/","title":{"rendered":"Nueva l\u00ednea de sellado y paletizado para envases precortados."},"content":{"rendered":"\n<p>Debido a la creciente concentraci\u00f3n de pedidos en campa\u00f1a y a la demanda del mercado para trabajar con envases espec\u00edficos, en Lysur hemos implantado una nueva l\u00ednea de sellado para envases de polietileno, los cuales ya vienen precortados por el fabricante de envases.<\/p>\n\n\n\n<!--more-->\n\n\n\n<p>Con esta implantaci\u00f3n, conseguimos:<\/p>\n\n\n\n<ul class=\"wp-block-list\">\n<li>Aumentar nuestra capacidad productiva.<\/li>\n\n\n\n<li>Mejorar la flexibilidad en f\u00e1brica y, por lo tanto, lograr un mejor servicio.<\/li>\n\n\n\n<li>Adaptarnos a las nuevas necesidades de tipos de envases, minimizando el porcentaje de mermas del envase.<\/li>\n<\/ul>\n\n\n\n<p>La l\u00ednea consta de un cuadro de control con el aut\u00f3mata, doble sistema de pesaje, m\u00e1quina selladora configurable al espesor del saco y aplicador de etiquetas para la composici\u00f3n del producto envasado. &nbsp;<\/p>\n\n\n\n<p>La implantaci\u00f3n se ha desarrollado con los conocimientos de nuestro propio equipo en colaboraci\u00f3n con nuestros partners habituales.<\/p>\n\n\n\n<div class=\"wp-block-jetpack-slideshow aligncenter\" data-effect=\"slide\"><div class=\"wp-block-jetpack-slideshow_container swiper-container\"><ul class=\"wp-block-jetpack-slideshow_swiper-wrapper swiper-wrapper\"><li class=\"wp-block-jetpack-slideshow_slide swiper-slide\"><figure><img decoding=\"async\" alt=\"\" class=\"wp-block-jetpack-slideshow_image wp-image-694\" data-id=\"694\" src=\"https:\/\/lysur.es\/wp-content\/uploads\/2021\/05\/20210322_140350-768x1024.jpg\"><\/figure><\/li><li class=\"wp-block-jetpack-slideshow_slide swiper-slide\"><figure><img decoding=\"async\" alt=\"\" class=\"wp-block-jetpack-slideshow_image wp-image-695\" data-id=\"695\" src=\"https:\/\/lysur.es\/wp-content\/uploads\/2021\/05\/20210322_141623-768x1024.jpg\"><\/figure><\/li><li class=\"wp-block-jetpack-slideshow_slide swiper-slide\"><figure><img decoding=\"async\" alt=\"\" class=\"wp-block-jetpack-slideshow_image wp-image-696\" data-id=\"696\" src=\"https:\/\/lysur.es\/wp-content\/uploads\/2021\/05\/20210311_125711-768x1024.jpg\"><\/figure><\/li><li class=\"wp-block-jetpack-slideshow_slide swiper-slide\"><figure><img decoding=\"async\" alt=\"\" class=\"wp-block-jetpack-slideshow_image wp-image-698\" data-id=\"698\" src=\"https:\/\/lysur.es\/wp-content\/uploads\/2021\/05\/20210311_125655-768x1024.jpg\"><\/figure><\/li><\/ul><a class=\"wp-block-jetpack-slideshow_button-prev swiper-button-prev swiper-button-white\" role=\"button\"><\/a><a class=\"wp-block-jetpack-slideshow_button-next swiper-button-next swiper-button-white\" role=\"button\"><\/a><a aria-label=\"Pause Slideshow\" class=\"wp-block-jetpack-slideshow_button-pause\" role=\"button\"><\/a><div class=\"wp-block-jetpack-slideshow_pagination swiper-pagination swiper-pagination-white\"><\/div><\/div><\/div>\n\n\n\n<p><\/p>\n","protected":false},"excerpt":{"rendered":"<p>Debido a la creciente concentraci\u00f3n de pedidos en campa\u00f1a y a la demanda del mercado para trabajar con envases espec\u00edficos, en Lysur hemos implantado una nueva l\u00ednea de sellado para envases de polietileno, los cuales ya vienen precortados por el fabricante de envases.<\/p>\n","protected":false},"author":4,"featured_media":838,"comment_status":"open","ping_status":"open","sticky":false,"template":"","format":"standard","meta":{"_acf_changed":false,"footnotes":""},"categories":[42,1],"tags":[43,44,45],"class_list":["post-857","post","type-post","status-publish","format-standard","has-post-thumbnail","hentry","category-dos-hermanas-en","category-sin-categorizar","tag-envasado-en","tag-industrial-en","tag-instalaciones-en"],"acf":[],"yoast_head":"<!-- This site is optimized with the Yoast SEO plugin v24.6 - https:\/\/yoast.com\/wordpress\/plugins\/seo\/ -->\n<title>Nueva l\u00ednea de sellado y paletizado para envases precortados. - Lysur<\/title>\n<meta name=\"robots\" content=\"index, follow, max-snippet:-1, max-image-preview:large, max-video-preview:-1\" \/>\n<link rel=\"canonical\" href=\"https:\/\/lysur.es\/en\/nueva-linea-de-sellado-y-paletizado-para-envases-precortados\/\" \/>\n<meta property=\"og:locale\" content=\"en_US\" \/>\n<meta property=\"og:type\" content=\"article\" \/>\n<meta property=\"og:title\" content=\"Nueva l\u00ednea de sellado y paletizado para envases precortados. - Lysur\" \/>\n<meta property=\"og:description\" content=\"Debido a la creciente concentraci\u00f3n de pedidos en campa\u00f1a y a la demanda del mercado para trabajar con envases espec\u00edficos, en Lysur hemos implantado una nueva l\u00ednea de sellado para envases de polietileno, los cuales ya vienen precortados por el fabricante de envases.\" \/>\n<meta property=\"og:url\" content=\"https:\/\/lysur.es\/en\/nueva-linea-de-sellado-y-paletizado-para-envases-precortados\/\" \/>\n<meta property=\"og:site_name\" content=\"Lysur\" \/>\n<meta property=\"article:published_time\" content=\"2021-05-10T07:12:43+00:00\" \/>\n<meta property=\"og:image\" content=\"https:\/\/lysur.es\/wp-content\/uploads\/2021\/05\/20210322_140350-768x1024.jpg\" \/>\n<meta name=\"author\" content=\"Antonio Mart\u00edn\" \/>\n<meta name=\"twitter:card\" content=\"summary_large_image\" \/>\n<meta name=\"twitter:label1\" content=\"Written by\" \/>\n\t<meta name=\"twitter:data1\" content=\"Antonio Mart\u00edn\" \/>\n\t<meta name=\"twitter:label2\" content=\"Est. reading time\" \/>\n\t<meta name=\"twitter:data2\" content=\"1 minute\" \/>\n<script type=\"application\/ld+json\" class=\"yoast-schema-graph\">{\"@context\":\"https:\/\/schema.org\",\"@graph\":[{\"@type\":\"Article\",\"@id\":\"https:\/\/lysur.es\/en\/nueva-linea-de-sellado-y-paletizado-para-envases-precortados\/#article\",\"isPartOf\":{\"@id\":\"https:\/\/lysur.es\/en\/nueva-linea-de-sellado-y-paletizado-para-envases-precortados\/\"},\"author\":{\"name\":\"Antonio Mart\u00edn\",\"@id\":\"https:\/\/lysur.es\/#\/schema\/person\/5e7cd26bac891bdfa16a338dde62c29b\"},\"headline\":\"Nueva l\u00ednea de sellado y paletizado para envases precortados.\",\"datePublished\":\"2021-05-10T07:12:43+00:00\",\"mainEntityOfPage\":{\"@id\":\"https:\/\/lysur.es\/en\/nueva-linea-de-sellado-y-paletizado-para-envases-precortados\/\"},\"wordCount\":153,\"commentCount\":0,\"publisher\":{\"@id\":\"https:\/\/lysur.es\/#organization\"},\"image\":{\"@id\":\"https:\/\/lysur.es\/en\/nueva-linea-de-sellado-y-paletizado-para-envases-precortados\/#primaryimage\"},\"thumbnailUrl\":\"https:\/\/lysur.es\/wp-content\/uploads\/2021\/05\/Sin-titulo-2.jpg\",\"keywords\":[\"Envasado\",\"Industrial\",\"Instalaciones\"],\"articleSection\":[\"Dos Hermanas\",\"Sin categorizar\"],\"inLanguage\":\"en-US\",\"potentialAction\":[{\"@type\":\"CommentAction\",\"name\":\"Comment\",\"target\":[\"https:\/\/lysur.es\/en\/nueva-linea-de-sellado-y-paletizado-para-envases-precortados\/#respond\"]}]},{\"@type\":\"WebPage\",\"@id\":\"https:\/\/lysur.es\/en\/nueva-linea-de-sellado-y-paletizado-para-envases-precortados\/\",\"url\":\"https:\/\/lysur.es\/en\/nueva-linea-de-sellado-y-paletizado-para-envases-precortados\/\",\"name\":\"Nueva l\u00ednea de sellado y paletizado para envases precortados. - Lysur\",\"isPartOf\":{\"@id\":\"https:\/\/lysur.es\/#website\"},\"primaryImageOfPage\":{\"@id\":\"https:\/\/lysur.es\/en\/nueva-linea-de-sellado-y-paletizado-para-envases-precortados\/#primaryimage\"},\"image\":{\"@id\":\"https:\/\/lysur.es\/en\/nueva-linea-de-sellado-y-paletizado-para-envases-precortados\/#primaryimage\"},\"thumbnailUrl\":\"https:\/\/lysur.es\/wp-content\/uploads\/2021\/05\/Sin-titulo-2.jpg\",\"datePublished\":\"2021-05-10T07:12:43+00:00\",\"breadcrumb\":{\"@id\":\"https:\/\/lysur.es\/en\/nueva-linea-de-sellado-y-paletizado-para-envases-precortados\/#breadcrumb\"},\"inLanguage\":\"en-US\",\"potentialAction\":[{\"@type\":\"ReadAction\",\"target\":[\"https:\/\/lysur.es\/en\/nueva-linea-de-sellado-y-paletizado-para-envases-precortados\/\"]}]},{\"@type\":\"ImageObject\",\"inLanguage\":\"en-US\",\"@id\":\"https:\/\/lysur.es\/en\/nueva-linea-de-sellado-y-paletizado-para-envases-precortados\/#primaryimage\",\"url\":\"https:\/\/lysur.es\/wp-content\/uploads\/2021\/05\/Sin-titulo-2.jpg\",\"contentUrl\":\"https:\/\/lysur.es\/wp-content\/uploads\/2021\/05\/Sin-titulo-2.jpg\",\"width\":1600,\"height\":800},{\"@type\":\"BreadcrumbList\",\"@id\":\"https:\/\/lysur.es\/en\/nueva-linea-de-sellado-y-paletizado-para-envases-precortados\/#breadcrumb\",\"itemListElement\":[{\"@type\":\"ListItem\",\"position\":1,\"name\":\"Portada\",\"item\":\"https:\/\/lysur.es\/en\/\"},{\"@type\":\"ListItem\",\"position\":2,\"name\":\"Nueva l\u00ednea de sellado y paletizado para envases precortados.\"}]},{\"@type\":\"WebSite\",\"@id\":\"https:\/\/lysur.es\/#website\",\"url\":\"https:\/\/lysur.es\/\",\"name\":\"Lysur\",\"description\":\"Log\u00edstica y servicios\",\"publisher\":{\"@id\":\"https:\/\/lysur.es\/#organization\"},\"potentialAction\":[{\"@type\":\"SearchAction\",\"target\":{\"@type\":\"EntryPoint\",\"urlTemplate\":\"https:\/\/lysur.es\/?s={search_term_string}\"},\"query-input\":{\"@type\":\"PropertyValueSpecification\",\"valueRequired\":true,\"valueName\":\"search_term_string\"}}],\"inLanguage\":\"en-US\"},{\"@type\":\"Organization\",\"@id\":\"https:\/\/lysur.es\/#organization\",\"name\":\"Lysur\",\"url\":\"https:\/\/lysur.es\/\",\"logo\":{\"@type\":\"ImageObject\",\"inLanguage\":\"en-US\",\"@id\":\"https:\/\/lysur.es\/#\/schema\/logo\/image\/\",\"url\":\"https:\/\/lysur.es\/wp-content\/uploads\/2022\/11\/cropped-lysur.png\",\"contentUrl\":\"https:\/\/lysur.es\/wp-content\/uploads\/2022\/11\/cropped-lysur.png\",\"width\":50,\"height\":82,\"caption\":\"Lysur\"},\"image\":{\"@id\":\"https:\/\/lysur.es\/#\/schema\/logo\/image\/\"}},{\"@type\":\"Person\",\"@id\":\"https:\/\/lysur.es\/#\/schema\/person\/5e7cd26bac891bdfa16a338dde62c29b\",\"name\":\"Antonio Mart\u00edn\",\"image\":{\"@type\":\"ImageObject\",\"inLanguage\":\"en-US\",\"@id\":\"https:\/\/lysur.es\/#\/schema\/person\/image\/\",\"url\":\"https:\/\/secure.gravatar.com\/avatar\/69ecd4e335e2967696337e0be63d3e5ada103fc6567127a7e1229d1a1b04c2c0?s=96&d=mm&r=g\",\"contentUrl\":\"https:\/\/secure.gravatar.com\/avatar\/69ecd4e335e2967696337e0be63d3e5ada103fc6567127a7e1229d1a1b04c2c0?s=96&d=mm&r=g\",\"caption\":\"Antonio Mart\u00edn\"},\"url\":\"https:\/\/lysur.es\/en\/author\/antonio-m\/\"}]}<\/script>\n<!-- \/ Yoast SEO plugin. -->","yoast_head_json":{"title":"Nueva l\u00ednea de sellado y paletizado para envases precortados. - Lysur","robots":{"index":"index","follow":"follow","max-snippet":"max-snippet:-1","max-image-preview":"max-image-preview:large","max-video-preview":"max-video-preview:-1"},"canonical":"https:\/\/lysur.es\/en\/nueva-linea-de-sellado-y-paletizado-para-envases-precortados\/","og_locale":"en_US","og_type":"article","og_title":"Nueva l\u00ednea de sellado y paletizado para envases precortados. - Lysur","og_description":"Debido a la creciente concentraci\u00f3n de pedidos en campa\u00f1a y a la demanda del mercado para trabajar con envases espec\u00edficos, en Lysur hemos implantado una nueva l\u00ednea de sellado para envases de polietileno, los cuales ya vienen precortados por el fabricante de envases.","og_url":"https:\/\/lysur.es\/en\/nueva-linea-de-sellado-y-paletizado-para-envases-precortados\/","og_site_name":"Lysur","article_published_time":"2021-05-10T07:12:43+00:00","og_image":[{"url":"https:\/\/lysur.es\/wp-content\/uploads\/2021\/05\/20210322_140350-768x1024.jpg","type":"","width":"","height":""}],"author":"Antonio Mart\u00edn","twitter_card":"summary_large_image","twitter_misc":{"Written by":"Antonio Mart\u00edn","Est. reading time":"1 minute"},"schema":{"@context":"https:\/\/schema.org","@graph":[{"@type":"Article","@id":"https:\/\/lysur.es\/en\/nueva-linea-de-sellado-y-paletizado-para-envases-precortados\/#article","isPartOf":{"@id":"https:\/\/lysur.es\/en\/nueva-linea-de-sellado-y-paletizado-para-envases-precortados\/"},"author":{"name":"Antonio Mart\u00edn","@id":"https:\/\/lysur.es\/#\/schema\/person\/5e7cd26bac891bdfa16a338dde62c29b"},"headline":"Nueva l\u00ednea de sellado y paletizado para envases precortados.","datePublished":"2021-05-10T07:12:43+00:00","mainEntityOfPage":{"@id":"https:\/\/lysur.es\/en\/nueva-linea-de-sellado-y-paletizado-para-envases-precortados\/"},"wordCount":153,"commentCount":0,"publisher":{"@id":"https:\/\/lysur.es\/#organization"},"image":{"@id":"https:\/\/lysur.es\/en\/nueva-linea-de-sellado-y-paletizado-para-envases-precortados\/#primaryimage"},"thumbnailUrl":"https:\/\/lysur.es\/wp-content\/uploads\/2021\/05\/Sin-titulo-2.jpg","keywords":["Envasado","Industrial","Instalaciones"],"articleSection":["Dos Hermanas","Sin categorizar"],"inLanguage":"en-US","potentialAction":[{"@type":"CommentAction","name":"Comment","target":["https:\/\/lysur.es\/en\/nueva-linea-de-sellado-y-paletizado-para-envases-precortados\/#respond"]}]},{"@type":"WebPage","@id":"https:\/\/lysur.es\/en\/nueva-linea-de-sellado-y-paletizado-para-envases-precortados\/","url":"https:\/\/lysur.es\/en\/nueva-linea-de-sellado-y-paletizado-para-envases-precortados\/","name":"Nueva l\u00ednea de sellado y paletizado para envases precortados. - Lysur","isPartOf":{"@id":"https:\/\/lysur.es\/#website"},"primaryImageOfPage":{"@id":"https:\/\/lysur.es\/en\/nueva-linea-de-sellado-y-paletizado-para-envases-precortados\/#primaryimage"},"image":{"@id":"https:\/\/lysur.es\/en\/nueva-linea-de-sellado-y-paletizado-para-envases-precortados\/#primaryimage"},"thumbnailUrl":"https:\/\/lysur.es\/wp-content\/uploads\/2021\/05\/Sin-titulo-2.jpg","datePublished":"2021-05-10T07:12:43+00:00","breadcrumb":{"@id":"https:\/\/lysur.es\/en\/nueva-linea-de-sellado-y-paletizado-para-envases-precortados\/#breadcrumb"},"inLanguage":"en-US","potentialAction":[{"@type":"ReadAction","target":["https:\/\/lysur.es\/en\/nueva-linea-de-sellado-y-paletizado-para-envases-precortados\/"]}]},{"@type":"ImageObject","inLanguage":"en-US","@id":"https:\/\/lysur.es\/en\/nueva-linea-de-sellado-y-paletizado-para-envases-precortados\/#primaryimage","url":"https:\/\/lysur.es\/wp-content\/uploads\/2021\/05\/Sin-titulo-2.jpg","contentUrl":"https:\/\/lysur.es\/wp-content\/uploads\/2021\/05\/Sin-titulo-2.jpg","width":1600,"height":800},{"@type":"BreadcrumbList","@id":"https:\/\/lysur.es\/en\/nueva-linea-de-sellado-y-paletizado-para-envases-precortados\/#breadcrumb","itemListElement":[{"@type":"ListItem","position":1,"name":"Portada","item":"https:\/\/lysur.es\/en\/"},{"@type":"ListItem","position":2,"name":"Nueva l\u00ednea de sellado y paletizado para envases precortados."}]},{"@type":"WebSite","@id":"https:\/\/lysur.es\/#website","url":"https:\/\/lysur.es\/","name":"Lysur","description":"Log\u00edstica y servicios","publisher":{"@id":"https:\/\/lysur.es\/#organization"},"potentialAction":[{"@type":"SearchAction","target":{"@type":"EntryPoint","urlTemplate":"https:\/\/lysur.es\/?s={search_term_string}"},"query-input":{"@type":"PropertyValueSpecification","valueRequired":true,"valueName":"search_term_string"}}],"inLanguage":"en-US"},{"@type":"Organization","@id":"https:\/\/lysur.es\/#organization","name":"Lysur","url":"https:\/\/lysur.es\/","logo":{"@type":"ImageObject","inLanguage":"en-US","@id":"https:\/\/lysur.es\/#\/schema\/logo\/image\/","url":"https:\/\/lysur.es\/wp-content\/uploads\/2022\/11\/cropped-lysur.png","contentUrl":"https:\/\/lysur.es\/wp-content\/uploads\/2022\/11\/cropped-lysur.png","width":50,"height":82,"caption":"Lysur"},"image":{"@id":"https:\/\/lysur.es\/#\/schema\/logo\/image\/"}},{"@type":"Person","@id":"https:\/\/lysur.es\/#\/schema\/person\/5e7cd26bac891bdfa16a338dde62c29b","name":"Antonio Mart\u00edn","image":{"@type":"ImageObject","inLanguage":"en-US","@id":"https:\/\/lysur.es\/#\/schema\/person\/image\/","url":"https:\/\/secure.gravatar.com\/avatar\/69ecd4e335e2967696337e0be63d3e5ada103fc6567127a7e1229d1a1b04c2c0?s=96&d=mm&r=g","contentUrl":"https:\/\/secure.gravatar.com\/avatar\/69ecd4e335e2967696337e0be63d3e5ada103fc6567127a7e1229d1a1b04c2c0?s=96&d=mm&r=g","caption":"Antonio Mart\u00edn"},"url":"https:\/\/lysur.es\/en\/author\/antonio-m\/"}]}},"_links":{"self":[{"href":"https:\/\/lysur.es\/en\/wp-json\/wp\/v2\/posts\/857","targetHints":{"allow":["GET"]}}],"collection":[{"href":"https:\/\/lysur.es\/en\/wp-json\/wp\/v2\/posts"}],"about":[{"href":"https:\/\/lysur.es\/en\/wp-json\/wp\/v2\/types\/post"}],"author":[{"embeddable":true,"href":"https:\/\/lysur.es\/en\/wp-json\/wp\/v2\/users\/4"}],"replies":[{"embeddable":true,"href":"https:\/\/lysur.es\/en\/wp-json\/wp\/v2\/comments?post=857"}],"version-history":[{"count":0,"href":"https:\/\/lysur.es\/en\/wp-json\/wp\/v2\/posts\/857\/revisions"}],"wp:featuredmedia":[{"embeddable":true,"href":"https:\/\/lysur.es\/en\/wp-json\/wp\/v2\/media\/838"}],"wp:attachment":[{"href":"https:\/\/lysur.es\/en\/wp-json\/wp\/v2\/media?parent=857"}],"wp:term":[{"taxonomy":"category","embeddable":true,"href":"https:\/\/lysur.es\/en\/wp-json\/wp\/v2\/categories?post=857"},{"taxonomy":"post_tag","embeddable":true,"href":"https:\/\/lysur.es\/en\/wp-json\/wp\/v2\/tags?post=857"}],"curies":[{"name":"wp","href":"https:\/\/api.w.org\/{rel}","templated":true}]}}