{"id":864,"date":"2017-03-26T12:58:51","date_gmt":"2017-03-26T10:58:51","guid":{"rendered":"https:\/\/lysur.es\/visita-de-arroceros-del-margen-izquierdo\/"},"modified":"2017-03-26T12:58:51","modified_gmt":"2017-03-26T10:58:51","slug":"visita-de-arroceros-del-margen-izquierdo","status":"publish","type":"post","link":"https:\/\/lysur.es\/en\/visita-de-arroceros-del-margen-izquierdo\/","title":{"rendered":"Visita de arroceros del margen izquierdo"},"content":{"rendered":"<p>El pasado d\u00eda 16 de marzo contamos con la visita de agricultores de arroz del margen izquierdo del Guadalquivir a nuestras instalaciones. Pudimos ver las distintas zonas de almacenaje de producto terminado y la zona de producci\u00f3n de las distintas f\u00f3rmulas que se confeccionan a demanda de los agricultores, pasando posteriormente a la sala de conferencias en la que se imparti\u00f3 una charla sobre <span style=\"color: #339966;\">NEO<sup>\u00ae<\/sup><\/span> en Arroz. La charla comenz\u00f3 con la exposici\u00f3n de la hidr\u00f3lisis de la Urea y las p\u00e9rdidas que se producen en dicha reacci\u00f3n por desprendimiento de Gas Amoniaco (NH3) a la atm\u00f3sfera, con p\u00e9rdidas de nitr\u00f3geno que pueden llegar hasta el 40% del aplicado en funci\u00f3n de suelos, temperatura, humedad, materia org\u00e1nica, profundidad de tapado, etc..<\/p>\n<p>La forma de evitar estas p\u00e9rdidas es utilizando <strong><span style=\"color: #339966;\">NEO<sup>\u00ae<\/sup><\/span><\/strong>, <strong><span style=\"color: #339966;\">N<\/span><\/strong>itr\u00f3geno <span style=\"color: #339966;\"><strong>E<\/strong><\/span>stabilizado <span style=\"color: #339966;\"><strong>O<\/strong><\/span>ptimizado, con inhibidor de la Ureasa. VENTAJAS Y USOS DE <strong><span style=\"color: #339966;\">NEO<sup>\u00ae<\/sup><\/span><\/strong> EN EL CULTIVO DEL ARROZ.<\/p>\n<ul>\n<li>Mejor aprovechamiento del Nitr\u00f3geno aportado, evitando p\u00e9rdidas por\u00a0evaporaci\u00f3n y lixiviaci\u00f3n.<\/li>\n<li>Reducci\u00f3n de dosis por Hect\u00e1rea ya que se aprovecha todo el Nitr\u00f3geno\u00a0aportado, asimil\u00e1ndolo la planta de forma gradual durante m\u00e1s tiempo.<\/li>\n<li>Tecnolog\u00eda de futuro, ya que la tendencia a nivel mundial es hacia este\u00a0tipo de fertilizantes con nitr\u00f3geno protegido.<\/li>\n<li>Ayuda a la protecci\u00f3n de Medio Ambiente, ya que se utilizan menos\u00a0dosis de nitr\u00f3geno y mejor aprovechadas, reduciendo la contaminaci\u00f3n de acu\u00edferos. Aprovechando las ayudas medioambientales que se ofrezcan por el uso de este tipo de fertilizantes.<\/li>\n<\/ul>\n","protected":false},"excerpt":{"rendered":"<p>El pasado d\u00eda 16 de marzo contamos con la visita de agricultores de arroz del margen izquierdo del Guadalquivir a nuestras instalaciones. Pudimos ver las distintas zonas de almacenaje de producto terminado y la zona de producci\u00f3n de las distintas f\u00f3rmulas que se confeccionan a demanda de los agricultores, pasando posteriormente a la sala de conferencias en la que se imparti\u00f3 una charla sobre NEO\u00ae en Arroz.<\/p>\n","protected":false},"author":3,"featured_media":820,"comment_status":"open","ping_status":"open","sticky":false,"template":"","format":"standard","meta":{"_acf_changed":false,"footnotes":""},"categories":[1,46],"tags":[49],"class_list":["post-864","post","type-post","status-publish","format-standard","has-post-thumbnail","hentry","category-sin-categorizar","category-uncategorized-en","tag-lysur-en"],"acf":[],"yoast_head":"<!-- This site is optimized with the Yoast SEO plugin v24.6 - https:\/\/yoast.com\/wordpress\/plugins\/seo\/ -->\n<title>Visita de arroceros del margen izquierdo - Lysur<\/title>\n<meta name=\"robots\" content=\"index, follow, max-snippet:-1, max-image-preview:large, max-video-preview:-1\" \/>\n<link rel=\"canonical\" href=\"https:\/\/lysur.es\/en\/visita-de-arroceros-del-margen-izquierdo\/\" \/>\n<meta property=\"og:locale\" content=\"en_US\" \/>\n<meta property=\"og:type\" content=\"article\" \/>\n<meta property=\"og:title\" content=\"Visita de arroceros del margen izquierdo - Lysur\" \/>\n<meta property=\"og:description\" content=\"El pasado d\u00eda 16 de marzo contamos con la visita de agricultores de arroz del margen izquierdo del Guadalquivir a nuestras instalaciones. Pudimos ver las distintas zonas de almacenaje de producto terminado y la zona de producci\u00f3n de las distintas f\u00f3rmulas que se confeccionan a demanda de los agricultores, pasando posteriormente a la sala de conferencias en la que se imparti\u00f3 una charla sobre NEO\u00ae en Arroz.\" \/>\n<meta property=\"og:url\" content=\"https:\/\/lysur.es\/en\/visita-de-arroceros-del-margen-izquierdo\/\" \/>\n<meta property=\"og:site_name\" content=\"Lysur\" \/>\n<meta property=\"article:published_time\" content=\"2017-03-26T10:58:51+00:00\" \/>\n<meta name=\"author\" content=\"Antonio Clemente\" \/>\n<meta name=\"twitter:card\" content=\"summary_large_image\" \/>\n<meta name=\"twitter:label1\" content=\"Written by\" \/>\n\t<meta name=\"twitter:data1\" content=\"Antonio Clemente\" \/>\n\t<meta name=\"twitter:label2\" content=\"Est. reading time\" \/>\n\t<meta name=\"twitter:data2\" content=\"1 minute\" \/>\n<script type=\"application\/ld+json\" class=\"yoast-schema-graph\">{\"@context\":\"https:\/\/schema.org\",\"@graph\":[{\"@type\":\"Article\",\"@id\":\"https:\/\/lysur.es\/en\/visita-de-arroceros-del-margen-izquierdo\/#article\",\"isPartOf\":{\"@id\":\"https:\/\/lysur.es\/en\/visita-de-arroceros-del-margen-izquierdo\/\"},\"author\":{\"name\":\"Antonio Clemente\",\"@id\":\"https:\/\/lysur.es\/#\/schema\/person\/b93cd8cbb8f02411ed93434b38415c44\"},\"headline\":\"Visita de arroceros del margen izquierdo\",\"datePublished\":\"2017-03-26T10:58:51+00:00\",\"mainEntityOfPage\":{\"@id\":\"https:\/\/lysur.es\/en\/visita-de-arroceros-del-margen-izquierdo\/\"},\"wordCount\":274,\"commentCount\":0,\"publisher\":{\"@id\":\"https:\/\/lysur.es\/#organization\"},\"image\":{\"@id\":\"https:\/\/lysur.es\/en\/visita-de-arroceros-del-margen-izquierdo\/#primaryimage\"},\"thumbnailUrl\":\"https:\/\/lysur.es\/wp-content\/uploads\/2017\/03\/Arroceros-02.jpg\",\"keywords\":[\"Lysur\"],\"articleSection\":[\"Sin categorizar\"],\"inLanguage\":\"en-US\",\"potentialAction\":[{\"@type\":\"CommentAction\",\"name\":\"Comment\",\"target\":[\"https:\/\/lysur.es\/en\/visita-de-arroceros-del-margen-izquierdo\/#respond\"]}]},{\"@type\":\"WebPage\",\"@id\":\"https:\/\/lysur.es\/en\/visita-de-arroceros-del-margen-izquierdo\/\",\"url\":\"https:\/\/lysur.es\/en\/visita-de-arroceros-del-margen-izquierdo\/\",\"name\":\"Visita de arroceros del margen izquierdo - Lysur\",\"isPartOf\":{\"@id\":\"https:\/\/lysur.es\/#website\"},\"primaryImageOfPage\":{\"@id\":\"https:\/\/lysur.es\/en\/visita-de-arroceros-del-margen-izquierdo\/#primaryimage\"},\"image\":{\"@id\":\"https:\/\/lysur.es\/en\/visita-de-arroceros-del-margen-izquierdo\/#primaryimage\"},\"thumbnailUrl\":\"https:\/\/lysur.es\/wp-content\/uploads\/2017\/03\/Arroceros-02.jpg\",\"datePublished\":\"2017-03-26T10:58:51+00:00\",\"breadcrumb\":{\"@id\":\"https:\/\/lysur.es\/en\/visita-de-arroceros-del-margen-izquierdo\/#breadcrumb\"},\"inLanguage\":\"en-US\",\"potentialAction\":[{\"@type\":\"ReadAction\",\"target\":[\"https:\/\/lysur.es\/en\/visita-de-arroceros-del-margen-izquierdo\/\"]}]},{\"@type\":\"ImageObject\",\"inLanguage\":\"en-US\",\"@id\":\"https:\/\/lysur.es\/en\/visita-de-arroceros-del-margen-izquierdo\/#primaryimage\",\"url\":\"https:\/\/lysur.es\/wp-content\/uploads\/2017\/03\/Arroceros-02.jpg\",\"contentUrl\":\"https:\/\/lysur.es\/wp-content\/uploads\/2017\/03\/Arroceros-02.jpg\",\"width\":412,\"height\":309},{\"@type\":\"BreadcrumbList\",\"@id\":\"https:\/\/lysur.es\/en\/visita-de-arroceros-del-margen-izquierdo\/#breadcrumb\",\"itemListElement\":[{\"@type\":\"ListItem\",\"position\":1,\"name\":\"Portada\",\"item\":\"https:\/\/lysur.es\/en\/\"},{\"@type\":\"ListItem\",\"position\":2,\"name\":\"Visita de arroceros del margen izquierdo\"}]},{\"@type\":\"WebSite\",\"@id\":\"https:\/\/lysur.es\/#website\",\"url\":\"https:\/\/lysur.es\/\",\"name\":\"Lysur\",\"description\":\"Log\u00edstica y servicios\",\"publisher\":{\"@id\":\"https:\/\/lysur.es\/#organization\"},\"potentialAction\":[{\"@type\":\"SearchAction\",\"target\":{\"@type\":\"EntryPoint\",\"urlTemplate\":\"https:\/\/lysur.es\/?s={search_term_string}\"},\"query-input\":{\"@type\":\"PropertyValueSpecification\",\"valueRequired\":true,\"valueName\":\"search_term_string\"}}],\"inLanguage\":\"en-US\"},{\"@type\":\"Organization\",\"@id\":\"https:\/\/lysur.es\/#organization\",\"name\":\"Lysur\",\"url\":\"https:\/\/lysur.es\/\",\"logo\":{\"@type\":\"ImageObject\",\"inLanguage\":\"en-US\",\"@id\":\"https:\/\/lysur.es\/#\/schema\/logo\/image\/\",\"url\":\"https:\/\/lysur.es\/wp-content\/uploads\/2022\/11\/cropped-lysur.png\",\"contentUrl\":\"https:\/\/lysur.es\/wp-content\/uploads\/2022\/11\/cropped-lysur.png\",\"width\":50,\"height\":82,\"caption\":\"Lysur\"},\"image\":{\"@id\":\"https:\/\/lysur.es\/#\/schema\/logo\/image\/\"}},{\"@type\":\"Person\",\"@id\":\"https:\/\/lysur.es\/#\/schema\/person\/b93cd8cbb8f02411ed93434b38415c44\",\"name\":\"Antonio Clemente\",\"image\":{\"@type\":\"ImageObject\",\"inLanguage\":\"en-US\",\"@id\":\"https:\/\/lysur.es\/#\/schema\/person\/image\/\",\"url\":\"https:\/\/secure.gravatar.com\/avatar\/8e4f0dc4235e84834baabe77571fdd1dc4d911ae024652b9069300d3093dc84b?s=96&d=mm&r=g\",\"contentUrl\":\"https:\/\/secure.gravatar.com\/avatar\/8e4f0dc4235e84834baabe77571fdd1dc4d911ae024652b9069300d3093dc84b?s=96&d=mm&r=g\",\"caption\":\"Antonio Clemente\"},\"url\":\"https:\/\/lysur.es\/en\/author\/aclemente\/\"}]}<\/script>\n<!-- \/ Yoast SEO plugin. -->","yoast_head_json":{"title":"Visita de arroceros del margen izquierdo - Lysur","robots":{"index":"index","follow":"follow","max-snippet":"max-snippet:-1","max-image-preview":"max-image-preview:large","max-video-preview":"max-video-preview:-1"},"canonical":"https:\/\/lysur.es\/en\/visita-de-arroceros-del-margen-izquierdo\/","og_locale":"en_US","og_type":"article","og_title":"Visita de arroceros del margen izquierdo - Lysur","og_description":"El pasado d\u00eda 16 de marzo contamos con la visita de agricultores de arroz del margen izquierdo del Guadalquivir a nuestras instalaciones. Pudimos ver las distintas zonas de almacenaje de producto terminado y la zona de producci\u00f3n de las distintas f\u00f3rmulas que se confeccionan a demanda de los agricultores, pasando posteriormente a la sala de conferencias en la que se imparti\u00f3 una charla sobre NEO\u00ae en Arroz.","og_url":"https:\/\/lysur.es\/en\/visita-de-arroceros-del-margen-izquierdo\/","og_site_name":"Lysur","article_published_time":"2017-03-26T10:58:51+00:00","author":"Antonio Clemente","twitter_card":"summary_large_image","twitter_misc":{"Written by":"Antonio Clemente","Est. reading time":"1 minute"},"schema":{"@context":"https:\/\/schema.org","@graph":[{"@type":"Article","@id":"https:\/\/lysur.es\/en\/visita-de-arroceros-del-margen-izquierdo\/#article","isPartOf":{"@id":"https:\/\/lysur.es\/en\/visita-de-arroceros-del-margen-izquierdo\/"},"author":{"name":"Antonio Clemente","@id":"https:\/\/lysur.es\/#\/schema\/person\/b93cd8cbb8f02411ed93434b38415c44"},"headline":"Visita de arroceros del margen izquierdo","datePublished":"2017-03-26T10:58:51+00:00","mainEntityOfPage":{"@id":"https:\/\/lysur.es\/en\/visita-de-arroceros-del-margen-izquierdo\/"},"wordCount":274,"commentCount":0,"publisher":{"@id":"https:\/\/lysur.es\/#organization"},"image":{"@id":"https:\/\/lysur.es\/en\/visita-de-arroceros-del-margen-izquierdo\/#primaryimage"},"thumbnailUrl":"https:\/\/lysur.es\/wp-content\/uploads\/2017\/03\/Arroceros-02.jpg","keywords":["Lysur"],"articleSection":["Sin categorizar"],"inLanguage":"en-US","potentialAction":[{"@type":"CommentAction","name":"Comment","target":["https:\/\/lysur.es\/en\/visita-de-arroceros-del-margen-izquierdo\/#respond"]}]},{"@type":"WebPage","@id":"https:\/\/lysur.es\/en\/visita-de-arroceros-del-margen-izquierdo\/","url":"https:\/\/lysur.es\/en\/visita-de-arroceros-del-margen-izquierdo\/","name":"Visita de arroceros del margen izquierdo - Lysur","isPartOf":{"@id":"https:\/\/lysur.es\/#website"},"primaryImageOfPage":{"@id":"https:\/\/lysur.es\/en\/visita-de-arroceros-del-margen-izquierdo\/#primaryimage"},"image":{"@id":"https:\/\/lysur.es\/en\/visita-de-arroceros-del-margen-izquierdo\/#primaryimage"},"thumbnailUrl":"https:\/\/lysur.es\/wp-content\/uploads\/2017\/03\/Arroceros-02.jpg","datePublished":"2017-03-26T10:58:51+00:00","breadcrumb":{"@id":"https:\/\/lysur.es\/en\/visita-de-arroceros-del-margen-izquierdo\/#breadcrumb"},"inLanguage":"en-US","potentialAction":[{"@type":"ReadAction","target":["https:\/\/lysur.es\/en\/visita-de-arroceros-del-margen-izquierdo\/"]}]},{"@type":"ImageObject","inLanguage":"en-US","@id":"https:\/\/lysur.es\/en\/visita-de-arroceros-del-margen-izquierdo\/#primaryimage","url":"https:\/\/lysur.es\/wp-content\/uploads\/2017\/03\/Arroceros-02.jpg","contentUrl":"https:\/\/lysur.es\/wp-content\/uploads\/2017\/03\/Arroceros-02.jpg","width":412,"height":309},{"@type":"BreadcrumbList","@id":"https:\/\/lysur.es\/en\/visita-de-arroceros-del-margen-izquierdo\/#breadcrumb","itemListElement":[{"@type":"ListItem","position":1,"name":"Portada","item":"https:\/\/lysur.es\/en\/"},{"@type":"ListItem","position":2,"name":"Visita de arroceros del margen izquierdo"}]},{"@type":"WebSite","@id":"https:\/\/lysur.es\/#website","url":"https:\/\/lysur.es\/","name":"Lysur","description":"Log\u00edstica y servicios","publisher":{"@id":"https:\/\/lysur.es\/#organization"},"potentialAction":[{"@type":"SearchAction","target":{"@type":"EntryPoint","urlTemplate":"https:\/\/lysur.es\/?s={search_term_string}"},"query-input":{"@type":"PropertyValueSpecification","valueRequired":true,"valueName":"search_term_string"}}],"inLanguage":"en-US"},{"@type":"Organization","@id":"https:\/\/lysur.es\/#organization","name":"Lysur","url":"https:\/\/lysur.es\/","logo":{"@type":"ImageObject","inLanguage":"en-US","@id":"https:\/\/lysur.es\/#\/schema\/logo\/image\/","url":"https:\/\/lysur.es\/wp-content\/uploads\/2022\/11\/cropped-lysur.png","contentUrl":"https:\/\/lysur.es\/wp-content\/uploads\/2022\/11\/cropped-lysur.png","width":50,"height":82,"caption":"Lysur"},"image":{"@id":"https:\/\/lysur.es\/#\/schema\/logo\/image\/"}},{"@type":"Person","@id":"https:\/\/lysur.es\/#\/schema\/person\/b93cd8cbb8f02411ed93434b38415c44","name":"Antonio Clemente","image":{"@type":"ImageObject","inLanguage":"en-US","@id":"https:\/\/lysur.es\/#\/schema\/person\/image\/","url":"https:\/\/secure.gravatar.com\/avatar\/8e4f0dc4235e84834baabe77571fdd1dc4d911ae024652b9069300d3093dc84b?s=96&d=mm&r=g","contentUrl":"https:\/\/secure.gravatar.com\/avatar\/8e4f0dc4235e84834baabe77571fdd1dc4d911ae024652b9069300d3093dc84b?s=96&d=mm&r=g","caption":"Antonio Clemente"},"url":"https:\/\/lysur.es\/en\/author\/aclemente\/"}]}},"_links":{"self":[{"href":"https:\/\/lysur.es\/en\/wp-json\/wp\/v2\/posts\/864","targetHints":{"allow":["GET"]}}],"collection":[{"href":"https:\/\/lysur.es\/en\/wp-json\/wp\/v2\/posts"}],"about":[{"href":"https:\/\/lysur.es\/en\/wp-json\/wp\/v2\/types\/post"}],"author":[{"embeddable":true,"href":"https:\/\/lysur.es\/en\/wp-json\/wp\/v2\/users\/3"}],"replies":[{"embeddable":true,"href":"https:\/\/lysur.es\/en\/wp-json\/wp\/v2\/comments?post=864"}],"version-history":[{"count":0,"href":"https:\/\/lysur.es\/en\/wp-json\/wp\/v2\/posts\/864\/revisions"}],"wp:featuredmedia":[{"embeddable":true,"href":"https:\/\/lysur.es\/en\/wp-json\/wp\/v2\/media\/820"}],"wp:attachment":[{"href":"https:\/\/lysur.es\/en\/wp-json\/wp\/v2\/media?parent=864"}],"wp:term":[{"taxonomy":"category","embeddable":true,"href":"https:\/\/lysur.es\/en\/wp-json\/wp\/v2\/categories?post=864"},{"taxonomy":"post_tag","embeddable":true,"href":"https:\/\/lysur.es\/en\/wp-json\/wp\/v2\/tags?post=864"}],"curies":[{"name":"wp","href":"https:\/\/api.w.org\/{rel}","templated":true}]}}